{"id":2796,"date":"2021-05-13T12:44:42","date_gmt":"2021-05-13T10:44:42","guid":{"rendered":"https:\/\/mon-post-partum.com\/?p=2796"},"modified":"2022-03-16T13:57:15","modified_gmt":"2022-03-16T12:57:15","slug":"maladie-chronique-maternite-et-post-partum-le-combat-de-mathilde","status":"publish","type":"post","link":"https:\/\/mon-post-partum.com\/index.php\/2021\/05\/13\/maladie-chronique-maternite-et-post-partum-le-combat-de-mathilde\/","title":{"rendered":"Maladie chronique, maternit\u00e9 et post partum: Les combats de Mathilde."},"content":{"rendered":"\n<p><\/p>\n\n\n\n<p>Je m\u2019appelle Mathilde, j\u2019ai 32 ans et j\u2019ai l\u2019immense joie d\u2019avoir donn\u00e9 naissance \u00e0 2 enfants. Ath\u00e9na\u00efs en Juillet 2017 et Maxence en Ao\u00fbt 2019.<\/p>\n\n\n\n<p><\/p>\n\n\n\n<h4>Voici le contexte dans lequel se sont d\u00e9roul\u00e9es ces deux grossesses.<\/h4>\n\n\n\n<p>Pour faire simple (et court ), je vais d\u00e9buter en 2013, quand j\u2019ai d\u00e9clar\u00e9 une maladie chronique (inflammatoire des intestins, la rectocolite h\u00e9morragique). Cette maladie s\u2019active par crises, plus ou moins fr\u00e9quentes, plus ou moins douloureuses. Les sympt\u00f4mes sont diff\u00e9rents chez chaque malade, mais moi, j\u2019avais de forts maux de ventre puis de tr\u00e8s violentes envies d\u2019aller aux toilettes. Parfois, ces envies \u00e9taient incontr\u00f4lables et je n\u2019avais alors pas le temps d\u2019arriver jusqu\u2019aux toilettes. J\u2019ai donc pris l\u2019habitude de regarder o\u00f9 sont les toilettes d\u00e8s que je me rends quelque part (m\u00eame dans la rue) et d\u2019\u00eatre tr\u00e8s vigilante pour \u00e9viter les accidents.<\/p>\n\n\n\n<p>J\u2019ai suivi de nombreux traitements afin de soulager mes sympt\u00f4mes. La majorit\u00e9 de ces traitements sont tr\u00e8s lourds (des demi-journ\u00e9es \u00e0 l\u2019h\u00f4pital une fois par mois, des seringues tous les matins, etc&#8230;) et souvent r\u00e9cents, ce qui rend impossible une grossesse.&nbsp;<\/p>\n\n\n\n<p><strong>De plus, la maladie chez moi ne se calmait jamais. Elle \u00e9tait toujours tr\u00e8s forte, tr\u00e8s pr\u00e9sente. Ainsi, on m\u2019avait dit qu\u2019il ne fallait absolument pas tomber enceinte tant que la maladie \u00e9tait \u00e0 ce niveau-l\u00e0. Le b\u00e9b\u00e9 risquait d\u2019\u00eatre trop petit et d\u2019arriver pr\u00e9matur\u00e9ment.&nbsp;<\/strong><\/p>\n\n\n\n<p><\/p>\n\n\n\n<p>Devenir m\u00e8re \u00e9tait l\u2019un de mes r\u00eaves les plus chers! La maladie me rendait le r\u00eave compliqu\u00e9. D\u2019autant que les traitements ne calmaient en rien mes sympt\u00f4mes. J\u2019\u00e9tais d\u00e9sesp\u00e9r\u00e9e de voir un jour un traitement fonctionner ou que la maladie \u00ab&nbsp;s\u2019endorme&nbsp;\u00bb d\u2019elle-m\u00eame.<\/p>\n\n\n\n<p><\/p>\n\n\n\n<h4>Alors un jour, une d\u00e9cision un peu folle et mon mari et moi. Nous nous sommes lanc\u00e9s dans l\u2019aventure de la maternit\u00e9. Je suis tomb\u00e9e enceinte tr\u00e8s rapidement.&nbsp;<\/h4>\n\n\n\n<p>A cette \u00e9poque (fin 2016), je travaillais beaucoup et \u00e9tais tr\u00e8s stress\u00e9e. Cela a engendr\u00e9 des sympt\u00f4mes de la maladie de plus en plus difficiles \u00e0 g\u00e9rer avec la fatigue de la grossesse.<\/p>\n\n\n\n<p>J\u2019ai donc \u00e9t\u00e9 arr\u00eat\u00e9e \u00e0 4 mois. J\u2019ai pu profiter de chaque moment de la grossesse (ce qui n\u2019a pas \u00e9t\u00e9 le cas de la deuxi\u00e8me). Le b\u00e9b\u00e9 \u00e9tait petit mais je pressentais que tout allait bien.<\/p>\n\n\n\n<p>Afin d\u2019\u00eatre plus d\u00e9tendue, j\u2019ai d\u00e9but\u00e9 de la sophrologie et vu un magn\u00e9tiseur.<\/p>\n\n\n\n<p>Ath\u00e9na\u00efs est n\u00e9e un mois \u00e0 l\u2019avance, en juillet 2017 et effectivement. Elle \u00e9tait petit b\u00e9b\u00e9 ( et est toujours aujourd\u2019hui, \u00e0 3 ans et demi, un petit format), en parfaite sant\u00e9.<\/p>\n\n\n\n<p>L\u2019accouchement s\u2019est bien pass\u00e9, sous p\u00e9ridurale.&nbsp;<\/p>\n\n\n\n<p><em>Je pense que comme j\u2019ai pris le temps de profiter de la grossesse, j\u2019ai ADOR\u00c9 \u00eatre m\u00e8re! Quelle joie, quelle fiert\u00e9.&nbsp;<\/em><\/p>\n\n\n\n<p>Le regard riv\u00e9 sur elle toute la journ\u00e9e, j\u2019ai ador\u00e9 chacune de ses mimiques, chacun de ses soupirs. J\u2019ai pu aussi profiter d\u2019elle 6 mois avant de retourner au travail (o\u00f9 j\u2019ai \u00e9t\u00e9 accueillie par un licenciement).<\/p>\n\n\n\n<p><strong>Je me souviens avoir vu des amies qui avaient accouch\u00e9 en m\u00eame temps que moi<\/strong>.<strong> <\/strong>E<strong>t pour qui l\u2019arriv\u00e9e du b\u00e9b\u00e9 semblait tout chambouler mais moi non. L\u2019arriv\u00e9e d\u2019Ath\u00e9na\u00efs a \u00e9t\u00e9 un cadeau. Tout me paraissait facile.<\/strong> <strong>Sauf les d\u00e9placements o\u00f9 j\u2019avais peur de devoir courir aux toilettes et la laisser dans sa poussette au milieu de la rue!<\/strong><\/p>\n\n\n\n<p>Je m\u2019interrogeais pourtant. Je r\u00e9alisais un r\u00eave, j\u2019aimais ma fille plus que tout et je passais pourtant la majorit\u00e9 de mon temps \u00e0 faire un travail qui ne me plaisait pas au lieu d\u2019\u00eatre avec elle. Lorsque je rentrais le soir, j\u2019\u00e9tais fatigu\u00e9e par ces journ\u00e9es psychologiquement tr\u00e8s douloureuses et je n\u2019avais qu\u2019une h\u00e2te, c\u2019est qu\u2019elle soit endormie. J\u2019ai trouv\u00e9 cette soci\u00e9t\u00e9 absurde. Faire des enfants pour ne jamais les voir.. cela me d\u00e9rangeait, m\u2019interrogeait, sans pour autant trouver de solution&#8230;<\/p>\n\n\n\n<h4>En parall\u00e8le, j\u2019ai repris un traitement pour la maladie chronique, incompatible avec une nouvelle grossesse et celui-ci n\u2019ayant pas fonctionn\u00e9. Nous avons acc\u00e9l\u00e9r\u00e9 les choses et je suis tomb\u00e9e enceinte \u00e0 nouveau tr\u00e8s rapidement (fin 2018)!<\/h4>\n\n\n\n<p>Cette fois-ci, les sympt\u00f4mes se faisaient un peu plus discrets, ou du moins, je m\u2019y \u00e9tais habitu\u00e9e.<\/p>\n\n\n\n<p>Je venais de changer de travail. J&rsquo;ai donc pu travailler jusqu\u2019au bout avec entrain, en niant ma grossesse, que pourtant j\u2019avais souhait\u00e9 du plus profond de mon c\u0153ur. Je me souviens avoir pris mon scooter jusqu\u2019au 8eme mois tout en me disant <em>\u00ab&nbsp;pourquoi ma vie a-t-elle plus de valeur alors que je suis enceinte?&nbsp;\u00bb.&nbsp;<\/em><\/p>\n\n\n\n<p>En juillet 2019, j\u2019\u00e9tais presque triste de quitter le projet sur lequel je travaillais.<\/p>\n\n\n\n<p>J\u2019ai pris une semaine de vacances avec Ath\u00e9na\u00efs. Puis je me suis mise \u00e0 faire des cartons pour notre d\u00e9m\u00e9nagement pr\u00e9vu pour septembre 2019, juste apr\u00e8s la naissance du b\u00e9b\u00e9.&nbsp;<\/p>\n\n\n\n<p>Puis, par canicule et avec une sciatique, j\u2019ai gard\u00e9 Ath\u00e9na\u00efs (2 ans) pendant 2 semaines avant qu\u2019elle parte chez ses grands-parents pour me soulager une semaine. Je me suis repos\u00e9e quelques jours mais nous avons rapidement d\u00e9cid\u00e9 de rejoindre Ath\u00e9na\u00efs en Bourgogne, tant elle nous manquait.&nbsp;<\/p>\n\n\n\n<p><strong>J\u2019insiste sur ces d\u00e9tails qui ont leur importance pour soulever le fait que, \u00e0 l\u2019inverse de la premi\u00e8re grossesse, pour cette deuxi\u00e8me grossesse, je n\u2019ai pas pris de temps pour moi<\/strong>.<strong> Je me suis \u00e0 peine repos\u00e9e, j\u2019\u00e9tais prise dans les obligations du d\u00e9m\u00e9nagement, de la famille, etc\u2026Une fuite en avant dont je me rends compte aujourd\u2019hui avec le recul (mais dont je suis famili\u00e8re).<\/strong><\/p>\n\n\n\n<p><\/p>\n\n\n\n<p>Le soir-m\u00eame de notre arriv\u00e9e en Bourgogne, j\u2019ai perdu les eaux! <\/p>\n\n\n\n<p>Panique car je n\u2019avais m\u00eame pas mon dossier m\u00e9dical.. L\u2019h\u00f4pital nous a accueilli et nous a demand\u00e9 d\u2019attendre car le travail n\u2019avait pas commenc\u00e9. C\u2019est ainsi, que quand le travail s\u2019est amorc\u00e9. Il n\u2019a pas \u00e9t\u00e9 d\u00e9cel\u00e9 et apr\u00e8s 3 tentatives trop tardives (et tr\u00e8s douloureuses) de p\u00e9ridurale, j\u2019ai accouch\u00e9 sans. A bout de forces.<\/p>\n\n\n\n<p><\/p>\n\n\n\n<h4>J\u2019ai tenu mon fils sur moi pendant de longues minutes, mais je ne ressentais pas cette joie qui m\u2019avait envahie pour Ath\u00e9na\u00efs. Je me sentais vid\u00e9e. J\u2019ai commenc\u00e9 alors \u00e0 comparer et \u00e0 culpabiliser.<\/h4>\n\n\n\n<p>L\u2019avantage d\u2019\u00eatre dans un h\u00f4pital au milieu de nulle part, c\u2019est que les visites sont inexistantes. J\u2019\u00e9tais en t\u00eate \u00e0 t\u00eate avec mon b\u00e9b\u00e9, c\u2019\u00e9tait chouette!<\/p>\n\n\n\n<p>Mais, tr\u00e8s vite, j\u2019ai senti un brouillard sur mes \u00e9paules s\u2019imposer. La vie n\u2019avait plus de saveur. J\u2019ai fini par ne plus entendre mon fils, Maxence, pleurer la nuit. Mon mari y veillait. Et si je l\u2019entendais, de toute fa\u00e7on, je n\u2019arrivais pas \u00e0 me lever.&nbsp;<\/p>\n\n\n\n<p><strong>Mais que m\u2019arrive-t-il? Je r\u00e9alise mon r\u00eave le plus fou, d\u2019\u00eatre m\u00e8re une seconde fois et c\u2019est l\u2019horreur..<\/strong><\/p>\n\n\n\n<p><\/p>\n\n\n\n<p>Je ne comprenais pas ce qui m\u2019arrivais.  Ma seule h\u00e2te, c\u2019\u00e9tait de le d\u00e9poser \u00e0 la cr\u00e8che et de reprendre le travail le plus vite possible\u2026 <\/p>\n\n\n\n<p>Je ne me reconnaissais plus. La famille, les b\u00e9b\u00e9s, les enfants, c\u2019est ma vie\u2026<\/p>\n\n\n\n<p><strong>J\u2019ai v\u00e9cu la r\u00e9\u00e9ducation du p\u00e9rin\u00e9e&nbsp;comme une souffrance sans fin. <\/strong>On ne peut pas me laisser tranquille? Il faut en plus que je mette cet objet froid et dur \u00e0 l\u2019endroit o\u00f9 mon fils vient de passer. Dans cet endroit si intime, qui s\u2019en remet \u00e0 peine et avec lequel je n\u2019ai pas encore renou\u00e9 contact!<\/p>\n\n\n\n<p>En parall\u00e8le, je tentais un nouveau traitement pour la maladie chronique, le dernier sur le march\u00e9. En cas d\u2019\u00e9chec, l\u2019ablation d\u2019un bout d\u2019intestin sera l\u2019option la plus probable.<\/p>\n\n\n\n<p>C\u2019est dans cet \u00e9tat d\u2019esprit que j\u2019ai repris l\u2019hypnose, en d\u00e9sespoir de cause, pour donner toutes les chances possibles \u00e0 ce nouveau traitement. Et \u00e9galement, inconsciemment, d\u00e9couvrir quel \u00e9tait mon probl\u00e8me..<strong> Je ne me doutais pas un seul instant que j\u2019\u00e9tais en train de faire un burn-out maternel!<\/strong><\/p>\n\n\n\n<p><\/p>\n\n\n\n<p>Des larmes ont coul\u00e9 lors de ces s\u00e9ances, et j\u2019ai progressivement repris du temps pour moi, ce qui a \u00e9t\u00e9 salvateur. Pour moi mais aussi, pour ma famille!<\/p>\n\n\n\n<p>Au-del\u00e0 de l\u2019hypnose et de soins \u00e9nerg\u00e9tiques, qui m\u2019ont beaucoup aid\u00e9e, j\u2019ai trouv\u00e9 le courage de modifier ce que je n\u2019aimais plus dans ma vie. J\u2019ai pr\u00eat\u00e9 attention \u00e0 mes pens\u00e9es, en me demandant celles dont je ne voulais plus et d\u2019o\u00f9 elles venaient. J\u2019ai ainsi mis \u00e0 jour des attitudes que j\u2019avais avec mes enfants dont je ne voulais plus. Mais que je faisais sans m\u2019en rendre compte vraiment, par r\u00e9flexe, par habitude, par manque de temps, par impatience,&#8230;<\/p>\n\n\n\n<p><\/p>\n\n\n\n<p>Gr\u00e2ce \u00e0 la maternit\u00e9, j\u2019ai pris le temps de me poser des questions sur moi, sur qui je suis, sur ce qui m\u2019apporte de la joie dans mon quotidien. Comment cr\u00e9er une relation de qualit\u00e9 avec les personnes que j\u2019aime le plus au monde. J\u2019ai lu et d\u00e9vor\u00e9 de nombreux livres sur l\u2019\u00e9ducation, bienveillante, positive, etc&#8230; Mais aussi et surtout, des livres de d\u00e9veloppement personnel et spirituel.&nbsp;<\/p>\n\n\n\n<p>Puis, j&rsquo;ai exp\u00e9riment\u00e9 ce que je lisais, j\u2019ai test\u00e9, j\u2019ai approuv\u00e9, adapt\u00e9, \u00e9prouv\u00e9. Parfois, cela \u00e9tait facile \u00e0 exp\u00e9rimenter et d\u2019autres jours, cela me demandait de l\u2019\u00e9nergie que je n\u2019avais pas ce jour-l\u00e0. Mais, pas grave, on a encore le lendemain pour tester \u00e0 nouveau!<\/p>\n\n\n\n<p><\/p>\n\n\n\n<h4>A partir du moment o\u00f9 j\u2019ai repris le pouvoir de ma vie, la maladie l\u2019a quitt\u00e9. Depuis lors, je n\u2019ai plus aucun sympt\u00f4me et je ne prends plus le traitement depuis 6 mois.<\/h4>\n\n\n\n<p><\/p>\n\n\n\n<p>Ce que j\u2019aurais aim\u00e9 savoir avant et qui m\u2019aurait fait gagner du temps. Pour moi, c\u2019est qu&rsquo;il est primordial de cheminer personnellement afin de lib\u00e9rer les enfants des blessures de leurs parents. <strong>Il est important, en tant que parent, de vivre une vie align\u00e9e avec ses valeurs profondes<\/strong>.<strong> <\/strong>D<strong>e savoir qui on est vraiment, avec ses talents et ses parts d\u2019ombre<\/strong>.<strong> <\/strong>D<strong>e s\u2019accepter et s\u2019aimer soi-m\u00eame du plus profond de son c\u0153ur.&nbsp;<\/strong><\/p>\n\n\n\n<p><\/p>\n\n\n\n<p>Cela permet d\u2019aimer ses enfants de fa\u00e7on inconditionnelle, sans rejouer ce que l\u2019on a connu enfant. Mais aussi de pouvoir les comprendre, les accepter et les conna\u00eetre tels qu\u2019ils sont. Nos enfants ne sont pas que \u00ab&nbsp;moiti\u00e9-moiti\u00e9&nbsp;\u00bb. Ils sont uniques. Chacun a sa part \u00e0 apporter au monde, sa vision, sa lumi\u00e8re.<\/p>\n\n\n\n<p><\/p>\n\n\n\n<p>Enceinte, je ne me suis pas projet\u00e9e avec des enfants. Je pensais au b\u00e9b\u00e9, \u00e0 l\u2019arriv\u00e9e du b\u00e9b\u00e9, \u00e0 l\u2019accouchement. Je n\u2019avais pas pris le temps de r\u00e9fl\u00e9chir \u00e0 quelle m\u00e8re je voulais \u00eatre, quelle vie je souhaitais lui offrir, quelles valeurs je souhaitais lui transmettre. Ni non plus quel allait \u00eatre mon quotidien avec un b\u00e9b\u00e9. Puis un enfant, puis un ado, puis enfin, un adulte. <strong>Car finalement, nous \u00e9levons les adultes de demain!<\/strong><\/p>\n\n\n\n<p><\/p>\n\n\n\n<p>Personne n\u2019est jamais vraiment pr\u00e9par\u00e9 \u00e0 des phrases piquantes de son enfant telles que \u00ab&nbsp;tu es m\u00e9chante, Maman!&nbsp;\u00bb qui te fendent le c\u0153ur. Mais, il y a 2 fa\u00e7ons pour moi de recevoir ce type de phrases : Soit de rester sur sa douleur de l\u2019ingratitude de son enfant. Soit d\u2019accueillir et comprendre sa douleur mais \u00e9galement, d\u2019\u00e9couter celle de son enfant. Que vit son enfant pour dire ce genre de phrase? C\u2019est, pour moi, notre r\u00f4le de parent d\u2019aller au-del\u00e0 de ses propres blessures pour \u00e9couter celles de son enfant.<\/p>\n\n\n\n<p><\/p>\n\n\n\n<h4>Je crois \u00e9galement que la cl\u00e9 aujourd\u2019hui pour une vie de famille \u00ab&nbsp;bienveillante et positive&nbsp;\u00bb dont on parle aujourd\u2019hui et qui parfois peut sembler culpabilisante. C&rsquo; est la qualit\u00e9 des relations. Chaque famille est unique, chaque parent \u00e9galement et chaque enfant aussi! A nous de cr\u00e9er notre famille, nos relations id\u00e9ales.&nbsp;<\/h4>\n\n\n\n<p><\/p>\n\n\n\n<p>Et cela demande du temps. Cela demande du temps pour y penser, pour tester, pour ajuster,&#8230; Dans nos vies \u00e0 mille \u00e0 l\u2019heure, nos enfants nous demandent notre attention, notre pr\u00e9sence pleine et enti\u00e8re, quand nous sommes avec eux. C\u2019est tout un apprentissage, qui prend du temps. De vider son esprit de toutes ses pens\u00e9es sur sa journ\u00e9e, ses r\u00e9unions. Afin d\u2019\u00eatre l\u00e0 avec ses enfants et de leur consacrer du temps, tout le corps et l\u2019esprit ensemble, sans t\u00e9l\u00e9phone ou autres pens\u00e9es parasites.<\/p>\n\n\n\n<p><strong>Aujourd\u2019hui, je consid\u00e8re mes enfants comme des alli\u00e9s. Ils m\u2019apprennent autant que j\u2019ai \u00e0 leur apprendre &#8211; si ce n\u2019est plus d\u2019ailleurs!<\/strong><\/p>\n\n\n\n<p>C\u2019est aussi normal qu\u2019il y ait des moments plus difficiles que d\u2019autres car on se c\u00f4toie quotidiennement, avec chacun ses \u00e9motions, ses pens\u00e9es, ses soucis.&nbsp;<\/p>\n\n\n\n<p><strong>L\u2019id\u00e9e pour moi est de trouver l\u2019\u00e9quilibre.<\/strong> <\/p>\n\n\n\n<p>Quand trouves-tu que tes relations avec tes enfants sont satisfaisantes? Assez aimantes? Assez profondes? Si tu trouves que c\u2019est \u00e9quilibr\u00e9, que la parole est douce et l\u2019\u00e9coute attentive. Que tu passes plus de bons moments avec eux, alors c\u2019est gagn\u00e9! <\/p>\n\n\n\n<p>Si tu trouves que les relations sont agressives, compliqu\u00e9es, alors, regarde en toi. Que rejoues-tu de tes blessures d\u2019enfant, de tes conditionnements inconscients?&nbsp;<\/p>\n\n\n\n<p><strong>Et fais-toi aider pour te lib\u00e9rer, tu lib\u00e8reras tes enfants par la m\u00eame occasion!<\/strong><\/p>\n\n\n\n<p><\/p>\n\n\n\n<p>Pour finir, aujourd\u2019hui, je souhaite que mes enfants soient \u00e0 l\u2019aise avec moi. Afin qu\u2019ils puissent \u00eatre qui ils sont et non pas qui je souhaite qu\u2019ils soient.&nbsp;<\/p>\n\n\n\n<p>Je souhaite que mes enfants incarnent des valeurs de c\u0153ur afin de vivre dans la joie et la paix.&nbsp;<\/p>\n\n\n\n<p>Je souhaite que mes enfants ressentent de l\u2019amour pour qui ils sont, pour en ressentir pour les autres et pour la vie.&nbsp;<\/p>\n","protected":false},"excerpt":{"rendered":"<p>Je m\u2019appelle Mathilde, j\u2019ai 32 ans et j\u2019ai l\u2019immense joie d\u2019avoir donn\u00e9 naissance \u00e0 2 enfants. Ath\u00e9na\u00efs en Juillet 2017 et Maxence en Ao\u00fbt 2019. Voici le contexte dans lequel se sont d\u00e9roul\u00e9es ces deux grossesses. Pour faire simple (et [&hellip;]<\/p>\n","protected":false},"author":3,"featured_media":2820,"comment_status":"closed","ping_status":"closed","sticky":false,"template":"","format":"standard","meta":{"_monsterinsights_skip_tracking":false,"_monsterinsights_sitenote_active":false,"_monsterinsights_sitenote_note":"","_monsterinsights_sitenote_category":0},"categories":[111,114,22],"tags":[],"_links":{"self":[{"href":"https:\/\/mon-post-partum.com\/index.php\/wp-json\/wp\/v2\/posts\/2796"}],"collection":[{"href":"https:\/\/mon-post-partum.com\/index.php\/wp-json\/wp\/v2\/posts"}],"about":[{"href":"https:\/\/mon-post-partum.com\/index.php\/wp-json\/wp\/v2\/types\/post"}],"author":[{"embeddable":true,"href":"https:\/\/mon-post-partum.com\/index.php\/wp-json\/wp\/v2\/users\/3"}],"replies":[{"embeddable":true,"href":"https:\/\/mon-post-partum.com\/index.php\/wp-json\/wp\/v2\/comments?post=2796"}],"version-history":[{"count":7,"href":"https:\/\/mon-post-partum.com\/index.php\/wp-json\/wp\/v2\/posts\/2796\/revisions"}],"predecessor-version":[{"id":2826,"href":"https:\/\/mon-post-partum.com\/index.php\/wp-json\/wp\/v2\/posts\/2796\/revisions\/2826"}],"wp:featuredmedia":[{"embeddable":true,"href":"https:\/\/mon-post-partum.com\/index.php\/wp-json\/wp\/v2\/media\/2820"}],"wp:attachment":[{"href":"https:\/\/mon-post-partum.com\/index.php\/wp-json\/wp\/v2\/media?parent=2796"}],"wp:term":[{"taxonomy":"category","embeddable":true,"href":"https:\/\/mon-post-partum.com\/index.php\/wp-json\/wp\/v2\/categories?post=2796"},{"taxonomy":"post_tag","embeddable":true,"href":"https:\/\/mon-post-partum.com\/index.php\/wp-json\/wp\/v2\/tags?post=2796"}],"curies":[{"name":"wp","href":"https:\/\/api.w.org\/{rel}","templated":true}]}}